{"id":2322,"date":"2022-01-10T16:10:05","date_gmt":"2022-01-10T20:10:05","guid":{"rendered":"https:\/\/heleneguay.com\/?p=2322"},"modified":"2022-01-10T16:10:05","modified_gmt":"2022-01-10T20:10:05","slug":"recits-sur-la-perte-de-liberte-ou-la-fragilisation-des-personnes-agees-vivant-seules-pour-cause-de-pandemie-%e2%80%95-partie-2","status":"publish","type":"post","link":"https:\/\/heleneguay.com\/en\/2022\/01\/10\/recits-sur-la-perte-de-liberte-ou-la-fragilisation-des-personnes-agees-vivant-seules-pour-cause-de-pandemie-%e2%80%95-partie-2\/","title":{"rendered":"R\u00e9cits sur la perte de libert\u00e9 ou : la fragilisation des personnes \u00e2g\u00e9es vivant seules pour cause de pand\u00e9mie \u2015 Partie 2"},"content":{"rendered":"<p><strong><em>Ce billet est la suite de celui <a href=\"https:\/\/heleneguay.com\/en\/2022\/01\/11\/recits-sur-la-perte-de-liberte-ou-la-fragilisation-des-personnes-agees-vivant-seules-pour-cause-de-pandemie-%e2%80%95-partie-1\/\">publi\u00e9 le 11 janvier<\/a> dans lequel il est question de la d\u00e9fense des droits des personnes \u00e2g\u00e9es vis\u00e9es par l\u2019imposition de soins et de la n\u00e9cessit\u00e9 de leur donner le droit de parole pour se d\u00e9fendre.<\/em><\/strong><\/p>\n<h3>Faits \u00e0 l\u2019origine<\/h3>\n<p>Novembre 2021 \u2015 il y a pr\u00e8s d\u2019un an que William est hospitalis\u00e9. Il a \u00e9t\u00e9 transf\u00e9r\u00e9 \u00e0 l\u2019h\u00f4pital puisqu\u2019il ne pouvait plus rester au foyer de groupe o\u00f9 il vivait. Il a tenu des propos r\u00e9pr\u00e9hensibles et manifest\u00e9 des comportements inad\u00e9quats envers son entourage. William souffre de schizophr\u00e9nie. Il en est bien conscient et accepte la m\u00e9dication requise. L\u2019h\u00f4pital demande n\u00e9anmoins une autorisation pour imposer \u00e0 William l\u2019administration de sa m\u00e9dication et son h\u00e9bergement, pour une dur\u00e9e de trois ans.<\/p>\n<p>William refuse le transfert en CHSLD. Il ne souhaite pas \u00eatre d\u00e9plac\u00e9 dans un lieu de vie qui lui est inconnu, loin du quartier o\u00f9 il vit depuis qu\u2019il est enfant. \u00c0 82 ans, il peut se d\u00e9placer et s\u2019orienter ais\u00e9ment malgr\u00e9 la maladie qui l\u2019afflige depuis son jeune \u00e2ge.<\/p>\n<p>Jusqu\u2019\u00e0 l\u2019automne 2020, William n\u2019avait aucun trouble de comportement. Depuis son \u00e9viction du foyer de groupe, il se retrouve sans toit. Sans proches et sans famille, sa situation personnelle est difficile.<\/p>\n<h3>\u00c0 la cour<\/h3>\n<p>William d\u00e9fend sa cause d\u2019une salle \u00e0 l\u2019h\u00f4pital, la m\u00eame qui verra d\u00e9filer les professionnels qui t\u00e9moigneront pour appuyer la demande. Impatient de t\u00e9moigner, il interrompt ceux-ci \u00e0 l\u2019occasion. Le tribunal lui indique que son tour viendra. Lorsqu\u2019il prend la parole, rassur\u00e9, William pr\u00e9cise qu\u2019il accepte de prendre la m\u00e9dication et de proc\u00e9der aux examens sanguins n\u00e9cessaires. Il ne s\u2019oppose qu\u2019\u00e0 l\u2019h\u00e9bergement. Il craint d\u2019\u00eatre abandonn\u00e9 \u00e0 la rue.<\/p>\n<p>Appliquant les crit\u00e8res d\u2019\u00e9valuation de l\u2019inaptitude \u00e0 la situation de William, le tribunal rejette une grande partie de la demande. Comme William accepte de prendre sa m\u00e9dication pour la schizophr\u00e9nie et qu\u2019il reconna\u00eet qu\u2019il doit la prendre de mani\u00e8re continue et permanente, l\u2019ordonnance \u00e0 l\u2019effet de prendre la m\u00e9dication n\u2019a pas d\u2019assise. Quant \u00e0 la nouvelle ressource d\u2019h\u00e9bergement, le tribunal conclut qu\u2019il y a lieu de respecter le souhait de William quant \u00e0 l\u2019emplacement de son futur lieu de vie. Il l\u2019explique en ces termes : \u00ab that respects as far as possible the Defendant\u2019s expressed wish to live in the Notre-Dame-de-Gr\u00e2ce area. \u00bb Le tribunal autorise le transfert dans une ressource interm\u00e9diaire ou un foyer de groupe, mais <em>en donnant priorit\u00e9 aux volont\u00e9s exprim\u00e9es par William<\/em>. Enfin, le tribunal r\u00e9duit de 36 \u00e0 18 mois la demande initiale.<\/p>\n<h3>Conclusion<\/h3>\n<p>Ces r\u00e9cits de cour s\u00e9lectionn\u00e9s r\u00e9v\u00e8lent plusieurs faits importants. Tout d\u2019abord, il est probable que la pand\u00e9mie laisse des s\u00e9quelles et que les diverses restrictions sanitaires impos\u00e9es, de m\u00eame que la solitude et l\u2019isolement accrus engendrent des pertes de capacit\u00e9s et d\u2019autonomie chez les personnes \u00e2g\u00e9es qui se retrouvent seules et d\u00e9pass\u00e9es.<\/p>\n<p>Le changement de lieu de vie devient incontournable pour certaines d\u2019entre elles. Si les personnes \u00e2g\u00e9es avaient \u00e9t\u00e9 mieux support\u00e9es, assist\u00e9es et accompagn\u00e9es par des proches, et par des services \u00e0 domicile, le passage \u00e0 vide de la derni\u00e8re ann\u00e9e aurait pu \u00eatre v\u00e9cu moins durement.<\/p>\n<p>Et puis, il y a l\u2019attachement au domicile qui ne doit pas \u00eatre pris \u00e0 la l\u00e9g\u00e8re. Devant l\u2019instance judiciaire, la d\u00e9termination de retourner \u00e0 domicile suscite que l\u2019on questionne l\u2019aptitude de la personne \u00e0 comprendre et \u00e9valuer sa situation. Or, devant le tribunal, les difficult\u00e9s sont grandes lorsque l\u2019on met en doute l\u2019aptitude de la personne \u00e0 consentir \u00e0 l\u2019h\u00e9bergement ou \u00e0 le refuser. Contredire des faits est souvent ardu et demande notamment pr\u00e9paration et d\u00e9termination, ce qui n\u2019est pas toujours \u00e0 la port\u00e9e des personnes concern\u00e9es.<\/p>\n<p>Finalement, chacune des histoires d\u00e9crites en exemple, et il y en a plusieurs autres tout aussi \u00e9loquentes, r\u00e9v\u00e8le que la d\u00e9fense de la personne qui s\u2019objecte \u00e0 la privation de sa libert\u00e9 et \u00e0 la contrainte de vivre dans un lieu de vie reste utile et efficace. Que ce soit pour faire rejeter enti\u00e8rement ou en partie une demande d\u2019autorisation non support\u00e9e par les faits ou pour r\u00e9duire la dur\u00e9e d\u2019une ordonnance, le droit \u00e0 une d\u00e9fense pleine et enti\u00e8re est de la plus haute importance en pareilles circonstances. Le langage, les r\u00e8gles de l\u2019instance, de m\u00eame que les crit\u00e8res d\u2019\u00e9valuation qui s\u2019appliquent demandent des connaissances que la personne vis\u00e9e, voire ses proches, ma\u00eetrise tr\u00e8s rarement. C\u2019est pourquoi elle doit avoir la possibilit\u00e9 de b\u00e9n\u00e9ficier d\u2019une repr\u00e9sentation ad\u00e9quate. La loi pr\u00e9voit que ces situations sont trait\u00e9es en priorit\u00e9 sur les autres types de demandes. Ainsi en est-il du respect des droits fondamentaux dans notre syst\u00e8me de justice.<\/p>\n","protected":false},"excerpt":{"rendered":"<p>Ce billet est la suite de celui publi\u00e9 le 11 janvier dans lequel il est question de la d\u00e9fense des droits des personnes \u00e2g\u00e9es vis\u00e9es par l\u2019imposition de soins et de la n\u00e9cessit\u00e9 de leur donner le droit de parole pour se d\u00e9fendre. Faits \u00e0 l\u2019origine Novembre 2021 \u2015 il y a pr\u00e8s d\u2019un an [&hellip;]<\/p>\n","protected":false},"author":1,"featured_media":2314,"comment_status":"closed","ping_status":"closed","sticky":false,"template":"","format":"standard","meta":{"cybocfi_hide_featured_image":"","footnotes":""},"categories":[38,35,39,34],"tags":[],"class_list":["post-2322","post","type-post","status-publish","format-standard","has-post-thumbnail","hentry","category-covid-19-en","category-elder-law","category-health-law","category-human-rights"],"yoast_head":"<!-- This site is optimized with the Yoast SEO plugin v27.3 - https:\/\/yoast.com\/product\/yoast-seo-wordpress\/ -->\n<title>R\u00e9cits sur la perte de libert\u00e9 ou : la fragilisation des personnes \u00e2g\u00e9es vivant seules pour cause de pand\u00e9mie \u2015 Partie 2 - H\u00e9l\u00e8ne Guay<\/title>\n<meta name=\"robots\" content=\"index, follow, max-snippet:-1, max-image-preview:large, max-video-preview:-1\" \/>\n<link rel=\"canonical\" href=\"https:\/\/heleneguay.com\/en\/2022\/01\/10\/recits-sur-la-perte-de-liberte-ou-la-fragilisation-des-personnes-agees-vivant-seules-pour-cause-de-pandemie-%e2%80%95-partie-2\/\" \/>\n<meta property=\"og:locale\" content=\"en_US\" \/>\n<meta property=\"og:type\" content=\"article\" \/>\n<meta property=\"og:title\" content=\"R\u00e9cits sur la perte de libert\u00e9 ou : la fragilisation des personnes \u00e2g\u00e9es vivant seules pour cause de pand\u00e9mie \u2015 Partie 2 - H\u00e9l\u00e8ne Guay\" \/>\n<meta property=\"og:description\" content=\"Ce billet est la suite de celui publi\u00e9 le 11 janvier dans lequel il est question de la d\u00e9fense des droits des personnes \u00e2g\u00e9es vis\u00e9es par l\u2019imposition de soins et de la n\u00e9cessit\u00e9 de leur donner le droit de parole pour se d\u00e9fendre. Faits \u00e0 l\u2019origine Novembre 2021 \u2015 il y a pr\u00e8s d\u2019un an [&hellip;]\" \/>\n<meta property=\"og:url\" content=\"https:\/\/heleneguay.com\/en\/2022\/01\/10\/recits-sur-la-perte-de-liberte-ou-la-fragilisation-des-personnes-agees-vivant-seules-pour-cause-de-pandemie-%e2%80%95-partie-2\/\" \/>\n<meta property=\"og:site_name\" content=\"H\u00e9l\u00e8ne Guay\" \/>\n<meta property=\"article:published_time\" content=\"2022-01-10T20:10:05+00:00\" \/>\n<meta property=\"og:image\" content=\"https:\/\/i2.wp.com\/heleneguay.com\/wp-content\/uploads\/2022\/01\/histoire-perte-liberte-2.jpg?fit=1200%2C800&ssl=1\" \/>\n\t<meta property=\"og:image:width\" content=\"1200\" \/>\n\t<meta property=\"og:image:height\" content=\"800\" \/>\n\t<meta property=\"og:image:type\" content=\"image\/jpeg\" \/>\n<meta name=\"author\" content=\"admin_c4com\" \/>\n<meta name=\"twitter:card\" content=\"summary_large_image\" \/>\n<meta name=\"twitter:label1\" content=\"Written by\" \/>\n\t<meta name=\"twitter:data1\" content=\"admin_c4com\" \/>\n\t<meta name=\"twitter:label2\" content=\"Est. reading time\" \/>\n\t<meta name=\"twitter:data2\" content=\"4 minutes\" \/>\n<script type=\"application\/ld+json\" class=\"yoast-schema-graph\">{\"@context\":\"https:\\\/\\\/schema.org\",\"@graph\":[{\"@type\":\"Article\",\"@id\":\"https:\\\/\\\/heleneguay.com\\\/en\\\/2022\\\/01\\\/10\\\/recits-sur-la-perte-de-liberte-ou-la-fragilisation-des-personnes-agees-vivant-seules-pour-cause-de-pandemie-%e2%80%95-partie-2\\\/#article\",\"isPartOf\":{\"@id\":\"https:\\\/\\\/heleneguay.com\\\/en\\\/2022\\\/01\\\/10\\\/recits-sur-la-perte-de-liberte-ou-la-fragilisation-des-personnes-agees-vivant-seules-pour-cause-de-pandemie-%e2%80%95-partie-2\\\/\"},\"author\":{\"name\":\"admin_c4com\",\"@id\":\"https:\\\/\\\/heleneguay.com\\\/en\\\/#\\\/schema\\\/person\\\/8450fbae07f71b238e850c6fc22ae2d1\"},\"headline\":\"R\u00e9cits sur la perte de libert\u00e9 ou : la fragilisation des personnes \u00e2g\u00e9es vivant seules pour cause de pand\u00e9mie \u2015 Partie 2\",\"datePublished\":\"2022-01-10T20:10:05+00:00\",\"mainEntityOfPage\":{\"@id\":\"https:\\\/\\\/heleneguay.com\\\/en\\\/2022\\\/01\\\/10\\\/recits-sur-la-perte-de-liberte-ou-la-fragilisation-des-personnes-agees-vivant-seules-pour-cause-de-pandemie-%e2%80%95-partie-2\\\/\"},\"wordCount\":899,\"image\":{\"@id\":\"https:\\\/\\\/heleneguay.com\\\/en\\\/2022\\\/01\\\/10\\\/recits-sur-la-perte-de-liberte-ou-la-fragilisation-des-personnes-agees-vivant-seules-pour-cause-de-pandemie-%e2%80%95-partie-2\\\/#primaryimage\"},\"thumbnailUrl\":\"https:\\\/\\\/heleneguay.com\\\/wp-content\\\/uploads\\\/2022\\\/01\\\/histoire-perte-liberte-2.jpg\",\"articleSection\":[\"Covid-19\",\"Elder Law\",\"Health Law\",\"Human Rights\"],\"inLanguage\":\"en-US\"},{\"@type\":\"WebPage\",\"@id\":\"https:\\\/\\\/heleneguay.com\\\/en\\\/2022\\\/01\\\/10\\\/recits-sur-la-perte-de-liberte-ou-la-fragilisation-des-personnes-agees-vivant-seules-pour-cause-de-pandemie-%e2%80%95-partie-2\\\/\",\"url\":\"https:\\\/\\\/heleneguay.com\\\/en\\\/2022\\\/01\\\/10\\\/recits-sur-la-perte-de-liberte-ou-la-fragilisation-des-personnes-agees-vivant-seules-pour-cause-de-pandemie-%e2%80%95-partie-2\\\/\",\"name\":\"R\u00e9cits sur la perte de libert\u00e9 ou : la fragilisation des personnes \u00e2g\u00e9es vivant seules pour cause de pand\u00e9mie \u2015 Partie 2 - H\u00e9l\u00e8ne Guay\",\"isPartOf\":{\"@id\":\"https:\\\/\\\/heleneguay.com\\\/en\\\/#website\"},\"primaryImageOfPage\":{\"@id\":\"https:\\\/\\\/heleneguay.com\\\/en\\\/2022\\\/01\\\/10\\\/recits-sur-la-perte-de-liberte-ou-la-fragilisation-des-personnes-agees-vivant-seules-pour-cause-de-pandemie-%e2%80%95-partie-2\\\/#primaryimage\"},\"image\":{\"@id\":\"https:\\\/\\\/heleneguay.com\\\/en\\\/2022\\\/01\\\/10\\\/recits-sur-la-perte-de-liberte-ou-la-fragilisation-des-personnes-agees-vivant-seules-pour-cause-de-pandemie-%e2%80%95-partie-2\\\/#primaryimage\"},\"thumbnailUrl\":\"https:\\\/\\\/heleneguay.com\\\/wp-content\\\/uploads\\\/2022\\\/01\\\/histoire-perte-liberte-2.jpg\",\"datePublished\":\"2022-01-10T20:10:05+00:00\",\"author\":{\"@id\":\"https:\\\/\\\/heleneguay.com\\\/en\\\/#\\\/schema\\\/person\\\/8450fbae07f71b238e850c6fc22ae2d1\"},\"breadcrumb\":{\"@id\":\"https:\\\/\\\/heleneguay.com\\\/en\\\/2022\\\/01\\\/10\\\/recits-sur-la-perte-de-liberte-ou-la-fragilisation-des-personnes-agees-vivant-seules-pour-cause-de-pandemie-%e2%80%95-partie-2\\\/#breadcrumb\"},\"inLanguage\":\"en-US\",\"potentialAction\":[{\"@type\":\"ReadAction\",\"target\":[\"https:\\\/\\\/heleneguay.com\\\/en\\\/2022\\\/01\\\/10\\\/recits-sur-la-perte-de-liberte-ou-la-fragilisation-des-personnes-agees-vivant-seules-pour-cause-de-pandemie-%e2%80%95-partie-2\\\/\"]}]},{\"@type\":\"ImageObject\",\"inLanguage\":\"en-US\",\"@id\":\"https:\\\/\\\/heleneguay.com\\\/en\\\/2022\\\/01\\\/10\\\/recits-sur-la-perte-de-liberte-ou-la-fragilisation-des-personnes-agees-vivant-seules-pour-cause-de-pandemie-%e2%80%95-partie-2\\\/#primaryimage\",\"url\":\"https:\\\/\\\/heleneguay.com\\\/wp-content\\\/uploads\\\/2022\\\/01\\\/histoire-perte-liberte-2.jpg\",\"contentUrl\":\"https:\\\/\\\/heleneguay.com\\\/wp-content\\\/uploads\\\/2022\\\/01\\\/histoire-perte-liberte-2.jpg\",\"width\":1200,\"height\":800,\"caption\":\"Locataires a\u00een\u00e9s: ce qu\u2019il faut surveiller pour \u00e9viter les abus\"},{\"@type\":\"BreadcrumbList\",\"@id\":\"https:\\\/\\\/heleneguay.com\\\/en\\\/2022\\\/01\\\/10\\\/recits-sur-la-perte-de-liberte-ou-la-fragilisation-des-personnes-agees-vivant-seules-pour-cause-de-pandemie-%e2%80%95-partie-2\\\/#breadcrumb\",\"itemListElement\":[{\"@type\":\"ListItem\",\"position\":1,\"name\":\"Accueil\",\"item\":\"https:\\\/\\\/heleneguay.com\\\/en\\\/\"},{\"@type\":\"ListItem\",\"position\":2,\"name\":\"R\u00e9cits sur la perte de libert\u00e9 ou : la fragilisation des personnes \u00e2g\u00e9es vivant seules pour cause de pand\u00e9mie \u2015 Partie 2\"}]},{\"@type\":\"WebSite\",\"@id\":\"https:\\\/\\\/heleneguay.com\\\/en\\\/#website\",\"url\":\"https:\\\/\\\/heleneguay.com\\\/en\\\/\",\"name\":\"H\u00e9l\u00e8ne Guay\",\"description\":\"Droit de la sant\u00e9, Droits de la personne, Droit des a\u00een\u00e9s\",\"potentialAction\":[{\"@type\":\"SearchAction\",\"target\":{\"@type\":\"EntryPoint\",\"urlTemplate\":\"https:\\\/\\\/heleneguay.com\\\/en\\\/?s={search_term_string}\"},\"query-input\":{\"@type\":\"PropertyValueSpecification\",\"valueRequired\":true,\"valueName\":\"search_term_string\"}}],\"inLanguage\":\"en-US\"},{\"@type\":\"Person\",\"@id\":\"https:\\\/\\\/heleneguay.com\\\/en\\\/#\\\/schema\\\/person\\\/8450fbae07f71b238e850c6fc22ae2d1\",\"name\":\"admin_c4com\",\"sameAs\":[\"https:\\\/\\\/heleneguay.com\"],\"url\":\"https:\\\/\\\/heleneguay.com\\\/en\\\/author\\\/admin_c4com\\\/\"}]}<\/script>\n<!-- \/ Yoast SEO plugin. -->","yoast_head_json":{"title":"R\u00e9cits sur la perte de libert\u00e9 ou : la fragilisation des personnes \u00e2g\u00e9es vivant seules pour cause de pand\u00e9mie \u2015 Partie 2 - H\u00e9l\u00e8ne Guay","robots":{"index":"index","follow":"follow","max-snippet":"max-snippet:-1","max-image-preview":"max-image-preview:large","max-video-preview":"max-video-preview:-1"},"canonical":"https:\/\/heleneguay.com\/en\/2022\/01\/10\/recits-sur-la-perte-de-liberte-ou-la-fragilisation-des-personnes-agees-vivant-seules-pour-cause-de-pandemie-%e2%80%95-partie-2\/","og_locale":"en_US","og_type":"article","og_title":"R\u00e9cits sur la perte de libert\u00e9 ou : la fragilisation des personnes \u00e2g\u00e9es vivant seules pour cause de pand\u00e9mie \u2015 Partie 2 - H\u00e9l\u00e8ne Guay","og_description":"Ce billet est la suite de celui publi\u00e9 le 11 janvier dans lequel il est question de la d\u00e9fense des droits des personnes \u00e2g\u00e9es vis\u00e9es par l\u2019imposition de soins et de la n\u00e9cessit\u00e9 de leur donner le droit de parole pour se d\u00e9fendre. Faits \u00e0 l\u2019origine Novembre 2021 \u2015 il y a pr\u00e8s d\u2019un an [&hellip;]","og_url":"https:\/\/heleneguay.com\/en\/2022\/01\/10\/recits-sur-la-perte-de-liberte-ou-la-fragilisation-des-personnes-agees-vivant-seules-pour-cause-de-pandemie-%e2%80%95-partie-2\/","og_site_name":"H\u00e9l\u00e8ne Guay","article_published_time":"2022-01-10T20:10:05+00:00","og_image":[{"width":1200,"height":800,"url":"https:\/\/i2.wp.com\/heleneguay.com\/wp-content\/uploads\/2022\/01\/histoire-perte-liberte-2.jpg?fit=1200%2C800&ssl=1","type":"image\/jpeg"}],"author":"admin_c4com","twitter_card":"summary_large_image","twitter_misc":{"Written by":"admin_c4com","Est. reading time":"4 minutes"},"schema":{"@context":"https:\/\/schema.org","@graph":[{"@type":"Article","@id":"https:\/\/heleneguay.com\/en\/2022\/01\/10\/recits-sur-la-perte-de-liberte-ou-la-fragilisation-des-personnes-agees-vivant-seules-pour-cause-de-pandemie-%e2%80%95-partie-2\/#article","isPartOf":{"@id":"https:\/\/heleneguay.com\/en\/2022\/01\/10\/recits-sur-la-perte-de-liberte-ou-la-fragilisation-des-personnes-agees-vivant-seules-pour-cause-de-pandemie-%e2%80%95-partie-2\/"},"author":{"name":"admin_c4com","@id":"https:\/\/heleneguay.com\/en\/#\/schema\/person\/8450fbae07f71b238e850c6fc22ae2d1"},"headline":"R\u00e9cits sur la perte de libert\u00e9 ou : la fragilisation des personnes \u00e2g\u00e9es vivant seules pour cause de pand\u00e9mie \u2015 Partie 2","datePublished":"2022-01-10T20:10:05+00:00","mainEntityOfPage":{"@id":"https:\/\/heleneguay.com\/en\/2022\/01\/10\/recits-sur-la-perte-de-liberte-ou-la-fragilisation-des-personnes-agees-vivant-seules-pour-cause-de-pandemie-%e2%80%95-partie-2\/"},"wordCount":899,"image":{"@id":"https:\/\/heleneguay.com\/en\/2022\/01\/10\/recits-sur-la-perte-de-liberte-ou-la-fragilisation-des-personnes-agees-vivant-seules-pour-cause-de-pandemie-%e2%80%95-partie-2\/#primaryimage"},"thumbnailUrl":"https:\/\/heleneguay.com\/wp-content\/uploads\/2022\/01\/histoire-perte-liberte-2.jpg","articleSection":["Covid-19","Elder Law","Health Law","Human Rights"],"inLanguage":"en-US"},{"@type":"WebPage","@id":"https:\/\/heleneguay.com\/en\/2022\/01\/10\/recits-sur-la-perte-de-liberte-ou-la-fragilisation-des-personnes-agees-vivant-seules-pour-cause-de-pandemie-%e2%80%95-partie-2\/","url":"https:\/\/heleneguay.com\/en\/2022\/01\/10\/recits-sur-la-perte-de-liberte-ou-la-fragilisation-des-personnes-agees-vivant-seules-pour-cause-de-pandemie-%e2%80%95-partie-2\/","name":"R\u00e9cits sur la perte de libert\u00e9 ou : la fragilisation des personnes \u00e2g\u00e9es vivant seules pour cause de pand\u00e9mie \u2015 Partie 2 - H\u00e9l\u00e8ne Guay","isPartOf":{"@id":"https:\/\/heleneguay.com\/en\/#website"},"primaryImageOfPage":{"@id":"https:\/\/heleneguay.com\/en\/2022\/01\/10\/recits-sur-la-perte-de-liberte-ou-la-fragilisation-des-personnes-agees-vivant-seules-pour-cause-de-pandemie-%e2%80%95-partie-2\/#primaryimage"},"image":{"@id":"https:\/\/heleneguay.com\/en\/2022\/01\/10\/recits-sur-la-perte-de-liberte-ou-la-fragilisation-des-personnes-agees-vivant-seules-pour-cause-de-pandemie-%e2%80%95-partie-2\/#primaryimage"},"thumbnailUrl":"https:\/\/heleneguay.com\/wp-content\/uploads\/2022\/01\/histoire-perte-liberte-2.jpg","datePublished":"2022-01-10T20:10:05+00:00","author":{"@id":"https:\/\/heleneguay.com\/en\/#\/schema\/person\/8450fbae07f71b238e850c6fc22ae2d1"},"breadcrumb":{"@id":"https:\/\/heleneguay.com\/en\/2022\/01\/10\/recits-sur-la-perte-de-liberte-ou-la-fragilisation-des-personnes-agees-vivant-seules-pour-cause-de-pandemie-%e2%80%95-partie-2\/#breadcrumb"},"inLanguage":"en-US","potentialAction":[{"@type":"ReadAction","target":["https:\/\/heleneguay.com\/en\/2022\/01\/10\/recits-sur-la-perte-de-liberte-ou-la-fragilisation-des-personnes-agees-vivant-seules-pour-cause-de-pandemie-%e2%80%95-partie-2\/"]}]},{"@type":"ImageObject","inLanguage":"en-US","@id":"https:\/\/heleneguay.com\/en\/2022\/01\/10\/recits-sur-la-perte-de-liberte-ou-la-fragilisation-des-personnes-agees-vivant-seules-pour-cause-de-pandemie-%e2%80%95-partie-2\/#primaryimage","url":"https:\/\/heleneguay.com\/wp-content\/uploads\/2022\/01\/histoire-perte-liberte-2.jpg","contentUrl":"https:\/\/heleneguay.com\/wp-content\/uploads\/2022\/01\/histoire-perte-liberte-2.jpg","width":1200,"height":800,"caption":"Locataires a\u00een\u00e9s: ce qu\u2019il faut surveiller pour \u00e9viter les abus"},{"@type":"BreadcrumbList","@id":"https:\/\/heleneguay.com\/en\/2022\/01\/10\/recits-sur-la-perte-de-liberte-ou-la-fragilisation-des-personnes-agees-vivant-seules-pour-cause-de-pandemie-%e2%80%95-partie-2\/#breadcrumb","itemListElement":[{"@type":"ListItem","position":1,"name":"Accueil","item":"https:\/\/heleneguay.com\/en\/"},{"@type":"ListItem","position":2,"name":"R\u00e9cits sur la perte de libert\u00e9 ou : la fragilisation des personnes \u00e2g\u00e9es vivant seules pour cause de pand\u00e9mie \u2015 Partie 2"}]},{"@type":"WebSite","@id":"https:\/\/heleneguay.com\/en\/#website","url":"https:\/\/heleneguay.com\/en\/","name":"H\u00e9l\u00e8ne Guay","description":"Droit de la sant\u00e9, Droits de la personne, Droit des a\u00een\u00e9s","potentialAction":[{"@type":"SearchAction","target":{"@type":"EntryPoint","urlTemplate":"https:\/\/heleneguay.com\/en\/?s={search_term_string}"},"query-input":{"@type":"PropertyValueSpecification","valueRequired":true,"valueName":"search_term_string"}}],"inLanguage":"en-US"},{"@type":"Person","@id":"https:\/\/heleneguay.com\/en\/#\/schema\/person\/8450fbae07f71b238e850c6fc22ae2d1","name":"admin_c4com","sameAs":["https:\/\/heleneguay.com"],"url":"https:\/\/heleneguay.com\/en\/author\/admin_c4com\/"}]}},"_links":{"self":[{"href":"https:\/\/heleneguay.com\/en\/wp-json\/wp\/v2\/posts\/2322","targetHints":{"allow":["GET"]}}],"collection":[{"href":"https:\/\/heleneguay.com\/en\/wp-json\/wp\/v2\/posts"}],"about":[{"href":"https:\/\/heleneguay.com\/en\/wp-json\/wp\/v2\/types\/post"}],"author":[{"embeddable":true,"href":"https:\/\/heleneguay.com\/en\/wp-json\/wp\/v2\/users\/1"}],"replies":[{"embeddable":true,"href":"https:\/\/heleneguay.com\/en\/wp-json\/wp\/v2\/comments?post=2322"}],"version-history":[{"count":0,"href":"https:\/\/heleneguay.com\/en\/wp-json\/wp\/v2\/posts\/2322\/revisions"}],"wp:featuredmedia":[{"embeddable":true,"href":"https:\/\/heleneguay.com\/en\/wp-json\/wp\/v2\/media\/2314"}],"wp:attachment":[{"href":"https:\/\/heleneguay.com\/en\/wp-json\/wp\/v2\/media?parent=2322"}],"wp:term":[{"taxonomy":"category","embeddable":true,"href":"https:\/\/heleneguay.com\/en\/wp-json\/wp\/v2\/categories?post=2322"},{"taxonomy":"post_tag","embeddable":true,"href":"https:\/\/heleneguay.com\/en\/wp-json\/wp\/v2\/tags?post=2322"}],"curies":[{"name":"wp","href":"https:\/\/api.w.org\/{rel}","templated":true}]}}